{"id":5417,"date":"2026-04-27T12:15:24","date_gmt":"2026-04-27T10:15:24","guid":{"rendered":"https:\/\/aquabellis.pl\/?p=5417"},"modified":"2026-04-29T13:58:50","modified_gmt":"2026-04-29T11:58:50","slug":"wyniki-konkursu-plastycznego-dbam-o-przyrode-oszczedzam-wode-edycja-2026","status":"publish","type":"post","link":"https:\/\/aquabellis.pl\/index.php\/2026\/04\/27\/wyniki-konkursu-plastycznego-dbam-o-przyrode-oszczedzam-wode-edycja-2026\/","title":{"rendered":"Wyniki konkursu plastycznego Dbam o przyrod\u0119 &#8211; oszcz\u0119dzam wod\u0119. Edycja 2026"},"content":{"rendered":"<p>Ale\u017c to by\u0142a edycja! \ud83c\udf31\ud83d\udca7<\/p>\n<p>Serdecznie dzi\u0119kujemy wszystkim uczniom szk\u00f3\u0142 podstawowych z Gminy Rogo\u017ano za liczny udzia\u0142 w tegorocznej edycji konkursu \u201eDbam o przyrod\u0119 \u2013 oszcz\u0119dzam wod\u0119\u201d. Ogromne zaanga\u017cowanie postawi\u0142o komisj\u0119 konkursow\u0105 przed nie\u0142atwym zadaniem. Wysoki poziom prac sprawi\u0142, \u017ce w ka\u017cdej kategorii \u2013 poza g\u0142\u00f3wnym podium \u2013 postanowiono przyzna\u0107 a\u017c sze\u015b\u0107 dodatkowych wyr\u00f3\u017cnie\u0144. Tak du\u017ca wiedza i \u015bwiadomo\u015b\u0107 ekologiczna m\u0142odych mieszka\u0144c\u00f3w naszej gminy napawa ogromn\u0105 dum\u0105 i optymizmem.<\/p>\n<p>Uprzejmie informujemy, \u017ce w konkursie plastycznym Dbam o przyrod\u0119 \u2013 oszcz\u0119dzam wod\u0119<\/p>\n<p>(https:\/\/rogozno.pl\/aktualnosci\/konkurs-plastyczny-dbam-o-przyrode-oszczedzam-wode-edycja-2026.html)<\/p>\n<p>wygrali ni\u017cej wymienieni uczniowie szk\u00f3\u0142 podstawowych:<\/p>\n<p>&#8211; kategorii klas I-IV:<\/p>\n<p><strong>I MIEJSCE: Anastazja So\u0142tysiak, kl. III a, Szko\u0142a Podstawowa w Parkowie;<\/strong><\/p>\n<p><img loading=\"lazy\" decoding=\"async\" class=\"alignnone size-medium wp-image-5421\" src=\"https:\/\/aquabellis.pl\/wp-content\/uploads\/2026\/04\/Anastazja-209x300.jpg\" alt=\"\" width=\"209\" height=\"300\" srcset=\"https:\/\/aquabellis.pl\/wp-content\/uploads\/2026\/04\/Anastazja-209x300.jpg 209w, https:\/\/aquabellis.pl\/wp-content\/uploads\/2026\/04\/Anastazja.jpg 652w\" sizes=\"auto, (max-width: 209px) 100vw, 209px\" \/><\/p>\n<p><strong>II MIEJSCE: Julia Kopaniarz, kl. III a, Szko\u0142a Podstawowa nr 3<\/strong><\/p>\n<p><img loading=\"lazy\" decoding=\"async\" class=\"alignnone size-medium wp-image-5422\" src=\"https:\/\/aquabellis.pl\/wp-content\/uploads\/2026\/04\/Julia-300x213.jpg\" alt=\"\" width=\"300\" height=\"213\" srcset=\"https:\/\/aquabellis.pl\/wp-content\/uploads\/2026\/04\/Julia-300x213.jpg 300w, https:\/\/aquabellis.pl\/wp-content\/uploads\/2026\/04\/Julia-1024x728.jpg 1024w, https:\/\/aquabellis.pl\/wp-content\/uploads\/2026\/04\/Julia-768x546.jpg 768w, https:\/\/aquabellis.pl\/wp-content\/uploads\/2026\/04\/Julia.jpg 1316w\" sizes=\"auto, (max-width: 300px) 100vw, 300px\" \/><\/p>\n<p><strong>III MIEJSCE Milena Pilarska, kl. IV b, Szko\u0142a Podstawowa nr 2;<\/strong><\/p>\n<p><img loading=\"lazy\" decoding=\"async\" class=\"alignnone size-medium wp-image-5423\" src=\"https:\/\/aquabellis.pl\/wp-content\/uploads\/2026\/04\/Milena-300x209.jpg\" alt=\"\" width=\"300\" height=\"209\" srcset=\"https:\/\/aquabellis.pl\/wp-content\/uploads\/2026\/04\/Milena-300x209.jpg 300w, https:\/\/aquabellis.pl\/wp-content\/uploads\/2026\/04\/Milena-768x536.jpg 768w, https:\/\/aquabellis.pl\/wp-content\/uploads\/2026\/04\/Milena.jpg 937w\" sizes=\"auto, (max-width: 300px) 100vw, 300px\" \/><\/p>\n<p>Wyr\u00f3\u017cnienia otrzymaj\u0105:<\/p>\n<ol>\n<li>Barbara Suchorowska, III , SP w Pru\u015bcach;<\/li>\n<li>Amelia S\u0142odowa, III SP w Budziszewku;<\/li>\n<li>Katarzyna Smoli\u0144ska, IV a, SP nr 2;<\/li>\n<li>Franciszek Filipiak, I a, SP w Parkowie;<\/li>\n<li>Oktawian Sosnowski, III Szko\u0142a Podstawowa w Pru\u015bcach;<\/li>\n<li>Stanis\u0142aw Siedlecki, IV b, Szko\u0142a Podstawowa nr 2;<\/li>\n<\/ol>\n<p>&nbsp;<\/p>\n<p>&#8211; kategorii klas V-VIII:<\/p>\n<p><strong>I MIEJSCE: Laura Garcia Ksi\u0105\u017ckiewicz, kl. V a, Szko\u0142a Podstawowa nr 2;<\/strong><\/p>\n<p><img loading=\"lazy\" decoding=\"async\" class=\"alignnone size-medium wp-image-5424\" src=\"https:\/\/aquabellis.pl\/wp-content\/uploads\/2026\/04\/Laura-206x300.jpg\" alt=\"\" width=\"206\" height=\"300\" srcset=\"https:\/\/aquabellis.pl\/wp-content\/uploads\/2026\/04\/Laura-206x300.jpg 206w, https:\/\/aquabellis.pl\/wp-content\/uploads\/2026\/04\/Laura.jpg 629w\" sizes=\"auto, (max-width: 206px) 100vw, 206px\" \/><\/p>\n<p><strong>II MIEJSCE: \u0141ucja Krakowiak, kl. VII c, Szko\u0142a Podstawowa nr 3;<\/strong><\/p>\n<p><img loading=\"lazy\" decoding=\"async\" class=\"alignnone size-medium wp-image-5425\" src=\"https:\/\/aquabellis.pl\/wp-content\/uploads\/2026\/04\/Lucja-214x300.jpg\" alt=\"\" width=\"214\" height=\"300\" srcset=\"https:\/\/aquabellis.pl\/wp-content\/uploads\/2026\/04\/Lucja-214x300.jpg 214w, https:\/\/aquabellis.pl\/wp-content\/uploads\/2026\/04\/Lucja.jpg 656w\" sizes=\"auto, (max-width: 214px) 100vw, 214px\" \/><\/p>\n<p><strong>III MIEJSCE: Maria Dolata, kl. VII, Szko\u0142a Podstawowa w Parkowie;<\/strong><\/p>\n<p><img loading=\"lazy\" decoding=\"async\" class=\"alignnone size-medium wp-image-5426\" src=\"https:\/\/aquabellis.pl\/wp-content\/uploads\/2026\/04\/Maria-213x300.jpg\" alt=\"\" width=\"213\" height=\"300\" srcset=\"https:\/\/aquabellis.pl\/wp-content\/uploads\/2026\/04\/Maria-213x300.jpg 213w, https:\/\/aquabellis.pl\/wp-content\/uploads\/2026\/04\/Maria.jpg 668w\" sizes=\"auto, (max-width: 213px) 100vw, 213px\" \/><\/p>\n<p>Wyr\u00f3\u017cnienia otrzymaj\u0105:<\/p>\n<ol>\n<li>Helena K\u00fchn, kl. V a, Szko\u0142a Podstawowa nr 3;<\/li>\n<li>Marta Jab\u0142o\u0144ska, kl. VIII, Szko\u0142a Podstawowa w Go\u015bciejewie;<\/li>\n<li>Aleksandra Kostecka, kl. V a, Szko\u0142a Podstawowa nr 2;<\/li>\n<li>Maria Janachowska, kl. V a, Szko\u0142\u0105 Podstawowa nr 2;<\/li>\n<li>Jan Filipiak, kl. VI a, Szko\u0142a Podstawowa nr 2;<\/li>\n<li>Maja Kawczy\u0144ska, kl. VIII, Szko\u0142a Podstawowa w Pru\u015bcach<\/li>\n<\/ol>\n<p>&nbsp;<\/p>\n<p>Serdecznie gratulujemy!<\/p>\n<p><strong>Uroczyste wr\u0119czenie nagr\u00f3d odb\u0119dzie si\u0119 podczas \u201eDni Rogo\u017ana\u201d<\/strong> &#8211; <strong>1 maja, godz. 19.00<\/strong><\/p>\n<p><strong>Targowisko Miejskie \u201eM\u00f3j Rynek\u201d<\/strong><\/p>\n<p><strong>ul. Nowa, 64-610 Rogo\u017ano<\/strong><\/p>\n<p>W przypadku braku obecno\u015bci na uroczysto\u015bciach zapraszamy wymienionych uczni\u00f3w po odbi\u00f3r nagr\u00f3d do Urz\u0119du Miejskiego w Rogo\u017anie (biuro nr 23).<\/p>\n","protected":false},"excerpt":{"rendered":"<p>Ale\u017c to by\u0142a edycja! \ud83c\udf31\ud83d\udca7 Serdecznie dzi\u0119kujemy wszystkim uczniom szk\u00f3\u0142 podstawowych z Gminy Rogo\u017ano za liczny udzia\u0142 w tegorocznej edycji konkursu \u201eDbam o przyrod\u0119 \u2013 oszcz\u0119dzam wod\u0119\u201d. Ogromne zaanga\u017cowanie postawi\u0142o komisj\u0119 konkursow\u0105 przed nie\u0142atwym zadaniem. Wysoki poziom prac sprawi\u0142, \u017ce w ka\u017cdej kategorii \u2013 poza g\u0142\u00f3wnym podium \u2013 postanowiono przyzna\u0107 a\u017c sze\u015b\u0107 dodatkowych wyr\u00f3\u017cnie\u0144. Tak [&hellip;]<\/p>\n","protected":false},"author":2,"featured_media":5326,"comment_status":"closed","ping_status":"closed","sticky":false,"template":"","format":"standard","meta":{"inline_featured_image":false,"footnotes":""},"categories":[1],"tags":[],"class_list":["post-5417","post","type-post","status-publish","format-standard","has-post-thumbnail","hentry","category-uncategorized","has-post-title","has-post-date","has-post-category","has-post-tag","has-post-comment","has-post-author",""],"yoast_head":"<!-- This site is optimized with the Yoast SEO plugin v27.0 - https:\/\/yoast.com\/product\/yoast-seo-wordpress\/ -->\n<title>Wyniki konkursu plastycznego Dbam o przyrod\u0119 - oszcz\u0119dzam wod\u0119. Edycja 2026 - AQUABELLIS.PL<\/title>\n<meta name=\"robots\" content=\"index, follow, max-snippet:-1, max-image-preview:large, max-video-preview:-1\" \/>\n<link rel=\"canonical\" href=\"https:\/\/aquabellis.pl\/index.php\/2026\/04\/27\/wyniki-konkursu-plastycznego-dbam-o-przyrode-oszczedzam-wode-edycja-2026\/\" \/>\n<meta property=\"og:locale\" content=\"pl_PL\" \/>\n<meta property=\"og:type\" content=\"article\" \/>\n<meta property=\"og:title\" content=\"Wyniki konkursu plastycznego Dbam o przyrod\u0119 - oszcz\u0119dzam wod\u0119. Edycja 2026 - AQUABELLIS.PL\" \/>\n<meta property=\"og:description\" content=\"Ale\u017c to by\u0142a edycja! \ud83c\udf31\ud83d\udca7 Serdecznie dzi\u0119kujemy wszystkim uczniom szk\u00f3\u0142 podstawowych z Gminy Rogo\u017ano za liczny udzia\u0142 w tegorocznej edycji konkursu \u201eDbam o przyrod\u0119 \u2013 oszcz\u0119dzam wod\u0119\u201d. Ogromne zaanga\u017cowanie postawi\u0142o komisj\u0119 konkursow\u0105 przed nie\u0142atwym zadaniem. Wysoki poziom prac sprawi\u0142, \u017ce w ka\u017cdej kategorii \u2013 poza g\u0142\u00f3wnym podium \u2013 postanowiono przyzna\u0107 a\u017c sze\u015b\u0107 dodatkowych wyr\u00f3\u017cnie\u0144. Tak [&hellip;]\" \/>\n<meta property=\"og:url\" content=\"https:\/\/aquabellis.pl\/index.php\/2026\/04\/27\/wyniki-konkursu-plastycznego-dbam-o-przyrode-oszczedzam-wode-edycja-2026\/\" \/>\n<meta property=\"og:site_name\" content=\"AQUABELLIS.PL\" \/>\n<meta property=\"article:published_time\" content=\"2026-04-27T10:15:24+00:00\" \/>\n<meta property=\"article:modified_time\" content=\"2026-04-29T11:58:50+00:00\" \/>\n<meta property=\"og:image\" content=\"https:\/\/aquabellis.pl\/wp-content\/uploads\/2026\/03\/Konkurs.jpg\" \/>\n\t<meta property=\"og:image:width\" content=\"602\" \/>\n\t<meta property=\"og:image:height\" content=\"853\" \/>\n\t<meta property=\"og:image:type\" content=\"image\/jpeg\" \/>\n<meta name=\"author\" content=\"aqua\" \/>\n<meta name=\"twitter:card\" content=\"summary_large_image\" \/>\n<meta name=\"twitter:label1\" content=\"Napisane przez\" \/>\n\t<meta name=\"twitter:data1\" content=\"aqua\" \/>\n\t<meta name=\"twitter:label2\" content=\"Szacowany czas czytania\" \/>\n\t<meta name=\"twitter:data2\" content=\"4 minuty\" \/>\n<script type=\"application\/ld+json\" class=\"yoast-schema-graph\">{\"@context\":\"https:\/\/schema.org\",\"@graph\":[{\"@type\":\"Article\",\"@id\":\"https:\/\/aquabellis.pl\/index.php\/2026\/04\/27\/wyniki-konkursu-plastycznego-dbam-o-przyrode-oszczedzam-wode-edycja-2026\/#article\",\"isPartOf\":{\"@id\":\"https:\/\/aquabellis.pl\/index.php\/2026\/04\/27\/wyniki-konkursu-plastycznego-dbam-o-przyrode-oszczedzam-wode-edycja-2026\/\"},\"author\":{\"name\":\"aqua\",\"@id\":\"https:\/\/aquabellis.pl\/#\/schema\/person\/228a75ffcf587f215e7f8109cb954080\"},\"headline\":\"Wyniki konkursu plastycznego Dbam o przyrod\u0119 &#8211; oszcz\u0119dzam wod\u0119. Edycja 2026\",\"datePublished\":\"2026-04-27T10:15:24+00:00\",\"dateModified\":\"2026-04-29T11:58:50+00:00\",\"mainEntityOfPage\":{\"@id\":\"https:\/\/aquabellis.pl\/index.php\/2026\/04\/27\/wyniki-konkursu-plastycznego-dbam-o-przyrode-oszczedzam-wode-edycja-2026\/\"},\"wordCount\":359,\"image\":{\"@id\":\"https:\/\/aquabellis.pl\/index.php\/2026\/04\/27\/wyniki-konkursu-plastycznego-dbam-o-przyrode-oszczedzam-wode-edycja-2026\/#primaryimage\"},\"thumbnailUrl\":\"https:\/\/aquabellis.pl\/wp-content\/uploads\/2026\/03\/Konkurs.jpg\",\"articleSection\":[\"Uncategorized\"],\"inLanguage\":\"pl-PL\"},{\"@type\":\"WebPage\",\"@id\":\"https:\/\/aquabellis.pl\/index.php\/2026\/04\/27\/wyniki-konkursu-plastycznego-dbam-o-przyrode-oszczedzam-wode-edycja-2026\/\",\"url\":\"https:\/\/aquabellis.pl\/index.php\/2026\/04\/27\/wyniki-konkursu-plastycznego-dbam-o-przyrode-oszczedzam-wode-edycja-2026\/\",\"name\":\"Wyniki konkursu plastycznego Dbam o przyrod\u0119 - oszcz\u0119dzam wod\u0119. Edycja 2026 - AQUABELLIS.PL\",\"isPartOf\":{\"@id\":\"https:\/\/aquabellis.pl\/#website\"},\"primaryImageOfPage\":{\"@id\":\"https:\/\/aquabellis.pl\/index.php\/2026\/04\/27\/wyniki-konkursu-plastycznego-dbam-o-przyrode-oszczedzam-wode-edycja-2026\/#primaryimage\"},\"image\":{\"@id\":\"https:\/\/aquabellis.pl\/index.php\/2026\/04\/27\/wyniki-konkursu-plastycznego-dbam-o-przyrode-oszczedzam-wode-edycja-2026\/#primaryimage\"},\"thumbnailUrl\":\"https:\/\/aquabellis.pl\/wp-content\/uploads\/2026\/03\/Konkurs.jpg\",\"datePublished\":\"2026-04-27T10:15:24+00:00\",\"dateModified\":\"2026-04-29T11:58:50+00:00\",\"author\":{\"@id\":\"https:\/\/aquabellis.pl\/#\/schema\/person\/228a75ffcf587f215e7f8109cb954080\"},\"breadcrumb\":{\"@id\":\"https:\/\/aquabellis.pl\/index.php\/2026\/04\/27\/wyniki-konkursu-plastycznego-dbam-o-przyrode-oszczedzam-wode-edycja-2026\/#breadcrumb\"},\"inLanguage\":\"pl-PL\",\"potentialAction\":[{\"@type\":\"ReadAction\",\"target\":[\"https:\/\/aquabellis.pl\/index.php\/2026\/04\/27\/wyniki-konkursu-plastycznego-dbam-o-przyrode-oszczedzam-wode-edycja-2026\/\"]}]},{\"@type\":\"ImageObject\",\"inLanguage\":\"pl-PL\",\"@id\":\"https:\/\/aquabellis.pl\/index.php\/2026\/04\/27\/wyniki-konkursu-plastycznego-dbam-o-przyrode-oszczedzam-wode-edycja-2026\/#primaryimage\",\"url\":\"https:\/\/aquabellis.pl\/wp-content\/uploads\/2026\/03\/Konkurs.jpg\",\"contentUrl\":\"https:\/\/aquabellis.pl\/wp-content\/uploads\/2026\/03\/Konkurs.jpg\",\"width\":602,\"height\":853},{\"@type\":\"BreadcrumbList\",\"@id\":\"https:\/\/aquabellis.pl\/index.php\/2026\/04\/27\/wyniki-konkursu-plastycznego-dbam-o-przyrode-oszczedzam-wode-edycja-2026\/#breadcrumb\",\"itemListElement\":[{\"@type\":\"ListItem\",\"position\":1,\"name\":\"Strona g\u0142\u00f3wna\",\"item\":\"https:\/\/aquabellis.pl\/\"},{\"@type\":\"ListItem\",\"position\":2,\"name\":\"Wyniki konkursu plastycznego Dbam o przyrod\u0119 &#8211; oszcz\u0119dzam wod\u0119. Edycja 2026\"}]},{\"@type\":\"WebSite\",\"@id\":\"https:\/\/aquabellis.pl\/#website\",\"url\":\"https:\/\/aquabellis.pl\/\",\"name\":\"AQUABELLIS.PL\",\"description\":\"Sp\u00f3\u0142ka z o. o. Rogo\u017ano WLKP\",\"potentialAction\":[{\"@type\":\"SearchAction\",\"target\":{\"@type\":\"EntryPoint\",\"urlTemplate\":\"https:\/\/aquabellis.pl\/?s={search_term_string}\"},\"query-input\":{\"@type\":\"PropertyValueSpecification\",\"valueRequired\":true,\"valueName\":\"search_term_string\"}}],\"inLanguage\":\"pl-PL\"},{\"@type\":\"Person\",\"@id\":\"https:\/\/aquabellis.pl\/#\/schema\/person\/228a75ffcf587f215e7f8109cb954080\",\"name\":\"aqua\",\"image\":{\"@type\":\"ImageObject\",\"inLanguage\":\"pl-PL\",\"@id\":\"https:\/\/aquabellis.pl\/#\/schema\/person\/image\/\",\"url\":\"https:\/\/secure.gravatar.com\/avatar\/7ff78ae1fd365d25a8382b52a2f62b6ba391350a2ac9f6a14c0529895051e425?s=96&d=mm&r=g\",\"contentUrl\":\"https:\/\/secure.gravatar.com\/avatar\/7ff78ae1fd365d25a8382b52a2f62b6ba391350a2ac9f6a14c0529895051e425?s=96&d=mm&r=g\",\"caption\":\"aqua\"},\"url\":\"https:\/\/aquabellis.pl\/index.php\/author\/aqua\/\"}]}<\/script>\n<!-- \/ Yoast SEO plugin. -->","yoast_head_json":{"title":"Wyniki konkursu plastycznego Dbam o przyrod\u0119 - oszcz\u0119dzam wod\u0119. Edycja 2026 - AQUABELLIS.PL","robots":{"index":"index","follow":"follow","max-snippet":"max-snippet:-1","max-image-preview":"max-image-preview:large","max-video-preview":"max-video-preview:-1"},"canonical":"https:\/\/aquabellis.pl\/index.php\/2026\/04\/27\/wyniki-konkursu-plastycznego-dbam-o-przyrode-oszczedzam-wode-edycja-2026\/","og_locale":"pl_PL","og_type":"article","og_title":"Wyniki konkursu plastycznego Dbam o przyrod\u0119 - oszcz\u0119dzam wod\u0119. Edycja 2026 - AQUABELLIS.PL","og_description":"Ale\u017c to by\u0142a edycja! \ud83c\udf31\ud83d\udca7 Serdecznie dzi\u0119kujemy wszystkim uczniom szk\u00f3\u0142 podstawowych z Gminy Rogo\u017ano za liczny udzia\u0142 w tegorocznej edycji konkursu \u201eDbam o przyrod\u0119 \u2013 oszcz\u0119dzam wod\u0119\u201d. Ogromne zaanga\u017cowanie postawi\u0142o komisj\u0119 konkursow\u0105 przed nie\u0142atwym zadaniem. Wysoki poziom prac sprawi\u0142, \u017ce w ka\u017cdej kategorii \u2013 poza g\u0142\u00f3wnym podium \u2013 postanowiono przyzna\u0107 a\u017c sze\u015b\u0107 dodatkowych wyr\u00f3\u017cnie\u0144. Tak [&hellip;]","og_url":"https:\/\/aquabellis.pl\/index.php\/2026\/04\/27\/wyniki-konkursu-plastycznego-dbam-o-przyrode-oszczedzam-wode-edycja-2026\/","og_site_name":"AQUABELLIS.PL","article_published_time":"2026-04-27T10:15:24+00:00","article_modified_time":"2026-04-29T11:58:50+00:00","og_image":[{"width":602,"height":853,"url":"https:\/\/aquabellis.pl\/wp-content\/uploads\/2026\/03\/Konkurs.jpg","type":"image\/jpeg"}],"author":"aqua","twitter_card":"summary_large_image","twitter_misc":{"Napisane przez":"aqua","Szacowany czas czytania":"4 minuty"},"schema":{"@context":"https:\/\/schema.org","@graph":[{"@type":"Article","@id":"https:\/\/aquabellis.pl\/index.php\/2026\/04\/27\/wyniki-konkursu-plastycznego-dbam-o-przyrode-oszczedzam-wode-edycja-2026\/#article","isPartOf":{"@id":"https:\/\/aquabellis.pl\/index.php\/2026\/04\/27\/wyniki-konkursu-plastycznego-dbam-o-przyrode-oszczedzam-wode-edycja-2026\/"},"author":{"name":"aqua","@id":"https:\/\/aquabellis.pl\/#\/schema\/person\/228a75ffcf587f215e7f8109cb954080"},"headline":"Wyniki konkursu plastycznego Dbam o przyrod\u0119 &#8211; oszcz\u0119dzam wod\u0119. Edycja 2026","datePublished":"2026-04-27T10:15:24+00:00","dateModified":"2026-04-29T11:58:50+00:00","mainEntityOfPage":{"@id":"https:\/\/aquabellis.pl\/index.php\/2026\/04\/27\/wyniki-konkursu-plastycznego-dbam-o-przyrode-oszczedzam-wode-edycja-2026\/"},"wordCount":359,"image":{"@id":"https:\/\/aquabellis.pl\/index.php\/2026\/04\/27\/wyniki-konkursu-plastycznego-dbam-o-przyrode-oszczedzam-wode-edycja-2026\/#primaryimage"},"thumbnailUrl":"https:\/\/aquabellis.pl\/wp-content\/uploads\/2026\/03\/Konkurs.jpg","articleSection":["Uncategorized"],"inLanguage":"pl-PL"},{"@type":"WebPage","@id":"https:\/\/aquabellis.pl\/index.php\/2026\/04\/27\/wyniki-konkursu-plastycznego-dbam-o-przyrode-oszczedzam-wode-edycja-2026\/","url":"https:\/\/aquabellis.pl\/index.php\/2026\/04\/27\/wyniki-konkursu-plastycznego-dbam-o-przyrode-oszczedzam-wode-edycja-2026\/","name":"Wyniki konkursu plastycznego Dbam o przyrod\u0119 - oszcz\u0119dzam wod\u0119. Edycja 2026 - AQUABELLIS.PL","isPartOf":{"@id":"https:\/\/aquabellis.pl\/#website"},"primaryImageOfPage":{"@id":"https:\/\/aquabellis.pl\/index.php\/2026\/04\/27\/wyniki-konkursu-plastycznego-dbam-o-przyrode-oszczedzam-wode-edycja-2026\/#primaryimage"},"image":{"@id":"https:\/\/aquabellis.pl\/index.php\/2026\/04\/27\/wyniki-konkursu-plastycznego-dbam-o-przyrode-oszczedzam-wode-edycja-2026\/#primaryimage"},"thumbnailUrl":"https:\/\/aquabellis.pl\/wp-content\/uploads\/2026\/03\/Konkurs.jpg","datePublished":"2026-04-27T10:15:24+00:00","dateModified":"2026-04-29T11:58:50+00:00","author":{"@id":"https:\/\/aquabellis.pl\/#\/schema\/person\/228a75ffcf587f215e7f8109cb954080"},"breadcrumb":{"@id":"https:\/\/aquabellis.pl\/index.php\/2026\/04\/27\/wyniki-konkursu-plastycznego-dbam-o-przyrode-oszczedzam-wode-edycja-2026\/#breadcrumb"},"inLanguage":"pl-PL","potentialAction":[{"@type":"ReadAction","target":["https:\/\/aquabellis.pl\/index.php\/2026\/04\/27\/wyniki-konkursu-plastycznego-dbam-o-przyrode-oszczedzam-wode-edycja-2026\/"]}]},{"@type":"ImageObject","inLanguage":"pl-PL","@id":"https:\/\/aquabellis.pl\/index.php\/2026\/04\/27\/wyniki-konkursu-plastycznego-dbam-o-przyrode-oszczedzam-wode-edycja-2026\/#primaryimage","url":"https:\/\/aquabellis.pl\/wp-content\/uploads\/2026\/03\/Konkurs.jpg","contentUrl":"https:\/\/aquabellis.pl\/wp-content\/uploads\/2026\/03\/Konkurs.jpg","width":602,"height":853},{"@type":"BreadcrumbList","@id":"https:\/\/aquabellis.pl\/index.php\/2026\/04\/27\/wyniki-konkursu-plastycznego-dbam-o-przyrode-oszczedzam-wode-edycja-2026\/#breadcrumb","itemListElement":[{"@type":"ListItem","position":1,"name":"Strona g\u0142\u00f3wna","item":"https:\/\/aquabellis.pl\/"},{"@type":"ListItem","position":2,"name":"Wyniki konkursu plastycznego Dbam o przyrod\u0119 &#8211; oszcz\u0119dzam wod\u0119. Edycja 2026"}]},{"@type":"WebSite","@id":"https:\/\/aquabellis.pl\/#website","url":"https:\/\/aquabellis.pl\/","name":"AQUABELLIS.PL","description":"Sp\u00f3\u0142ka z o. o. Rogo\u017ano WLKP","potentialAction":[{"@type":"SearchAction","target":{"@type":"EntryPoint","urlTemplate":"https:\/\/aquabellis.pl\/?s={search_term_string}"},"query-input":{"@type":"PropertyValueSpecification","valueRequired":true,"valueName":"search_term_string"}}],"inLanguage":"pl-PL"},{"@type":"Person","@id":"https:\/\/aquabellis.pl\/#\/schema\/person\/228a75ffcf587f215e7f8109cb954080","name":"aqua","image":{"@type":"ImageObject","inLanguage":"pl-PL","@id":"https:\/\/aquabellis.pl\/#\/schema\/person\/image\/","url":"https:\/\/secure.gravatar.com\/avatar\/7ff78ae1fd365d25a8382b52a2f62b6ba391350a2ac9f6a14c0529895051e425?s=96&d=mm&r=g","contentUrl":"https:\/\/secure.gravatar.com\/avatar\/7ff78ae1fd365d25a8382b52a2f62b6ba391350a2ac9f6a14c0529895051e425?s=96&d=mm&r=g","caption":"aqua"},"url":"https:\/\/aquabellis.pl\/index.php\/author\/aqua\/"}]}},"_links":{"self":[{"href":"https:\/\/aquabellis.pl\/index.php\/wp-json\/wp\/v2\/posts\/5417","targetHints":{"allow":["GET"]}}],"collection":[{"href":"https:\/\/aquabellis.pl\/index.php\/wp-json\/wp\/v2\/posts"}],"about":[{"href":"https:\/\/aquabellis.pl\/index.php\/wp-json\/wp\/v2\/types\/post"}],"author":[{"embeddable":true,"href":"https:\/\/aquabellis.pl\/index.php\/wp-json\/wp\/v2\/users\/2"}],"replies":[{"embeddable":true,"href":"https:\/\/aquabellis.pl\/index.php\/wp-json\/wp\/v2\/comments?post=5417"}],"version-history":[{"count":14,"href":"https:\/\/aquabellis.pl\/index.php\/wp-json\/wp\/v2\/posts\/5417\/revisions"}],"predecessor-version":[{"id":5449,"href":"https:\/\/aquabellis.pl\/index.php\/wp-json\/wp\/v2\/posts\/5417\/revisions\/5449"}],"wp:featuredmedia":[{"embeddable":true,"href":"https:\/\/aquabellis.pl\/index.php\/wp-json\/wp\/v2\/media\/5326"}],"wp:attachment":[{"href":"https:\/\/aquabellis.pl\/index.php\/wp-json\/wp\/v2\/media?parent=5417"}],"wp:term":[{"taxonomy":"category","embeddable":true,"href":"https:\/\/aquabellis.pl\/index.php\/wp-json\/wp\/v2\/categories?post=5417"},{"taxonomy":"post_tag","embeddable":true,"href":"https:\/\/aquabellis.pl\/index.php\/wp-json\/wp\/v2\/tags?post=5417"}],"curies":[{"name":"wp","href":"https:\/\/api.w.org\/{rel}","templated":true}]}}